{"id":2492,"date":"2025-05-19T13:21:45","date_gmt":"2025-05-19T11:21:45","guid":{"rendered":"https:\/\/www.groupearts.com\/V2\/?p=2492"},"modified":"2025-05-19T15:48:05","modified_gmt":"2025-05-19T13:48:05","slug":"reportage-de-marc-germany-auteur-compositeur-du-spectacle-incursion-dans-le-monde-animal","status":"publish","type":"post","link":"https:\/\/www.groupearts.com\/V2\/reportage-de-marc-germany-auteur-compositeur-du-spectacle-incursion-dans-le-monde-animal\/","title":{"rendered":"Entretien avec Marc Germany, auteur compositeur du spectacle \u00ab\u00a0Incursion dans le monde animal\u00a0\u00bb"},"content":{"rendered":"\t\t<div data-elementor-type=\"wp-post\" data-elementor-id=\"2492\" class=\"elementor elementor-2492\">\n\t\t\t\t<div class=\"elementor-element elementor-element-b8176ce e-flex e-con-boxed e-con e-parent\" data-id=\"b8176ce\" data-element_type=\"container\">\n\t\t\t\t\t<div class=\"e-con-inner\">\n\t\t\t\t<div class=\"elementor-element elementor-element-0cc494b elementor-widget elementor-widget-text-editor\" data-id=\"0cc494b\" data-element_type=\"widget\" data-widget_type=\"text-editor.default\">\n\t\t\t\t<div class=\"elementor-widget-container\">\n\t\t\t\t\t\t\t\t\t<p class=\"\" data-start=\"427\" data-end=\"801\">Dans cette interview, il revient sur la gen\u00e8se de <em data-start=\"687\" data-end=\"706\">Incursion animale<\/em>, un spectacle musical engag\u00e9 port\u00e9 par le groupe Art\u2019s, sous la direction de Roselyne Louisor.<\/p><p class=\"\" data-start=\"803\" data-end=\"1072\">\u00c0 travers ce projet, Marc explore les liens entre l\u2019humain et le monde animal, m\u00ealant po\u00e9sie, r\u00e9flexion sociale et cr\u00e9ation sonore. Il partage avec nous son processus de composition, son rapport \u00e0 la sc\u00e8ne, ainsi que les valeurs qui sous-tendent son travail artistique.<\/p><p class=\"\" data-start=\"1074\" data-end=\"1200\">Une rencontre authentique avec un cr\u00e9ateur pour qui la musique est \u00e0 la fois un langage intime et un levier de transformation.<\/p>\t\t\t\t\t\t\t\t<\/div>\n\t\t\t\t<\/div>\n\t\t\t\t\t<\/div>\n\t\t\t\t<\/div>\n\t\t<div class=\"elementor-element elementor-element-b7add80 e-flex e-con-boxed e-con e-parent\" data-id=\"b7add80\" data-element_type=\"container\">\n\t\t\t\t\t<div class=\"e-con-inner\">\n\t\t\t\t<div class=\"elementor-element elementor-element-4b502fe elementor-widget elementor-widget-video\" data-id=\"4b502fe\" data-element_type=\"widget\" data-settings=\"{&quot;video_type&quot;:&quot;hosted&quot;,&quot;controls&quot;:&quot;yes&quot;}\" data-widget_type=\"video.default\">\n\t\t\t\t<div class=\"elementor-widget-container\">\n\t\t\t\t\t\t\t<div class=\"e-hosted-video elementor-wrapper elementor-open-inline\">\n\t\t\t\t\t<video class=\"elementor-video\" src=\"https:\/\/www.groupearts.com\/V2\/wp-content\/uploads\/2025\/05\/interview-marc.mp4\" controls=\"\" preload=\"metadata\" controlsList=\"nodownload\"><\/video>\n\t\t\t\t<\/div>\n\t\t\t\t\t\t<\/div>\n\t\t\t\t<\/div>\n\t\t\t\t\t<\/div>\n\t\t\t\t<\/div>\n\t\t<div class=\"elementor-element elementor-element-ecc5ea2 e-flex e-con-boxed e-con e-parent\" data-id=\"ecc5ea2\" data-element_type=\"container\">\n\t\t\t\t\t<div class=\"e-con-inner\">\n\t\t\t\t<div class=\"elementor-element elementor-element-92cafa6 elementor-widget elementor-widget-text-editor\" data-id=\"92cafa6\" data-element_type=\"widget\" data-widget_type=\"text-editor.default\">\n\t\t\t\t<div class=\"elementor-widget-container\">\n\t\t\t\t\t\t\t\t\t<p>Vid\u00e9o r\u00e9alis\u00e9e par <strong>Keren MPIA<\/strong> et <strong>Uliana BOCH<\/strong><\/p>\t\t\t\t\t\t\t\t<\/div>\n\t\t\t\t<\/div>\n\t\t\t\t\t<\/div>\n\t\t\t\t<\/div>\n\t\t\t\t<\/div>\n\t\t","protected":false},"excerpt":{"rendered":"<p>Dans cette interview, il revient sur la gen\u00e8se de Incursion animale, un spectacle musical engag\u00e9 port\u00e9 par le groupe Art\u2019s, sous la direction de Roselyne Louisor. \u00c0 travers ce projet, Marc explore les liens entre l\u2019humain et le monde animal, m\u00ealant po\u00e9sie, r\u00e9flexion sociale et cr\u00e9ation sonore. Il partage avec nous son processus de composition, &hellip; <\/p>\n","protected":false},"author":1,"featured_media":2513,"comment_status":"open","ping_status":"open","sticky":false,"template":"","format":"standard","meta":{"saved_in_kubio":false,"footnotes":""},"categories":[25,28],"tags":[],"class_list":["post-2492","post","type-post","status-publish","format-standard","has-post-thumbnail","hentry","category-actualites","category-videos"],"_links":{"self":[{"href":"https:\/\/www.groupearts.com\/V2\/wp-json\/wp\/v2\/posts\/2492","targetHints":{"allow":["GET"]}}],"collection":[{"href":"https:\/\/www.groupearts.com\/V2\/wp-json\/wp\/v2\/posts"}],"about":[{"href":"https:\/\/www.groupearts.com\/V2\/wp-json\/wp\/v2\/types\/post"}],"author":[{"embeddable":true,"href":"https:\/\/www.groupearts.com\/V2\/wp-json\/wp\/v2\/users\/1"}],"replies":[{"embeddable":true,"href":"https:\/\/www.groupearts.com\/V2\/wp-json\/wp\/v2\/comments?post=2492"}],"version-history":[{"count":5,"href":"https:\/\/www.groupearts.com\/V2\/wp-json\/wp\/v2\/posts\/2492\/revisions"}],"predecessor-version":[{"id":2499,"href":"https:\/\/www.groupearts.com\/V2\/wp-json\/wp\/v2\/posts\/2492\/revisions\/2499"}],"wp:featuredmedia":[{"embeddable":true,"href":"https:\/\/www.groupearts.com\/V2\/wp-json\/wp\/v2\/media\/2513"}],"wp:attachment":[{"href":"https:\/\/www.groupearts.com\/V2\/wp-json\/wp\/v2\/media?parent=2492"}],"wp:term":[{"taxonomy":"category","embeddable":true,"href":"https:\/\/www.groupearts.com\/V2\/wp-json\/wp\/v2\/categories?post=2492"},{"taxonomy":"post_tag","embeddable":true,"href":"https:\/\/www.groupearts.com\/V2\/wp-json\/wp\/v2\/tags?post=2492"}],"curies":[{"name":"wp","href":"https:\/\/api.w.org\/{rel}","templated":true}]}}