{"id":2305,"date":"2025-05-15T10:24:50","date_gmt":"2025-05-15T08:24:50","guid":{"rendered":"https:\/\/www.groupearts.com\/V2\/?p=2305"},"modified":"2025-05-15T21:36:00","modified_gmt":"2025-05-15T19:36:00","slug":"rencontre-avec-flora-vinci-ambassadrice-du-groupe-arts","status":"publish","type":"post","link":"https:\/\/www.groupearts.com\/V2\/rencontre-avec-flora-vinci-ambassadrice-du-groupe-arts\/","title":{"rendered":"Rencontre avec Flora Vinci, ambassadrice du Groupe Art&rsquo;s"},"content":{"rendered":"\t\t<div data-elementor-type=\"wp-post\" data-elementor-id=\"2305\" class=\"elementor elementor-2305\">\n\t\t\t\t<div class=\"elementor-element elementor-element-b7ee03f e-flex e-con-boxed e-con e-parent\" data-id=\"b7ee03f\" data-element_type=\"container\">\n\t\t\t\t\t<div class=\"e-con-inner\">\n\t\t\t\t<div class=\"elementor-element elementor-element-6a499f2 elementor-widget elementor-widget-text-editor\" data-id=\"6a499f2\" data-element_type=\"widget\" data-widget_type=\"text-editor.default\">\n\t\t\t\t<div class=\"elementor-widget-container\">\n\t\t\t\t\t\t\t\t\t<p>\u00c0 quelques jour de la premi\u00e8re repr\u00e9sentation du spectacle \u00ab\u00a0Incursion dans le monde animal\u00a0\u00bb, <strong>Flora Vinci<\/strong>, <strong>l&rsquo;ambassadrice officielle du Groupe Art&rsquo;s, <\/strong>revient sur le message de cette \u0153uvre artistique et sur son combat pour l&rsquo;\u00e9cologie&#8230;<\/p>\t\t\t\t\t\t\t\t<\/div>\n\t\t\t\t<\/div>\n\t\t\t\t\t<\/div>\n\t\t\t\t<\/div>\n\t\t<div class=\"elementor-element elementor-element-e5c9b67 e-flex e-con-boxed e-con e-parent\" data-id=\"e5c9b67\" data-element_type=\"container\">\n\t\t\t\t\t<div class=\"e-con-inner\">\n\t\t\t\t<div class=\"elementor-element elementor-element-9ef9302 elementor-widget elementor-widget-text-editor\" data-id=\"9ef9302\" data-element_type=\"widget\" data-widget_type=\"text-editor.default\">\n\t\t\t\t<div class=\"elementor-widget-container\">\n\t\t\t\t\t\t\t\t\t<p><strong>Cette ann\u00e9e, l&rsquo;association a mis en place un tout nouveau spectacle. Peux-tu le pr\u00e9senter ?<\/strong><\/p><p>Cette ann\u00e9e le Groupe Art&rsquo;s a d\u00e9cid\u00e9 de mettre en lumi\u00e8re la cause animale et les dangers qui menacent notre \u00e9cosyst\u00e8me. Il a pour but de sensibiliser le public jeune sur le r\u00e9chauffement climatique et la richesse de notre M\u00e8re Nature. C&rsquo;est pour cela que je suis particuli\u00e8rement fi\u00e8re d&rsquo;\u00eatre l&rsquo;ambassadrice du Groupe Art&rsquo;s car je suis s\u00fbre que cette \u0153uvre va changer les m\u0153urs et r\u00e9veiller les consciences sur l&rsquo;importance de l&rsquo;environnement et du bien-\u00eatre des animaux.<\/p><p>Le 16 mai, nous sommes tr\u00e8s heureux de vous convier \u00e0 ce spectacle \u00e9cologique qui aura lieu au jardin des M\u00e9nageries, \u00e0 l&rsquo;ancienne mairie de Sceaux.<\/p><p><strong>Es-tu toi m\u00eame sensible \u00e0 la protection de l&rsquo;environnement ?<\/strong><\/p><p>Bien s\u00fbr. Je suis extr\u00eamement sensible sur ce sujet et j&rsquo;\u0153uvre quotidiennement pour respecter l&rsquo;\u00e9cosyst\u00e8me. Je pense que si nous ne faisons pas attention \u00e0 notre consommation quotidienne en \u00e9lectricit\u00e9, en eau et sur notre mode de consommation, il y aura vraiment d&rsquo;importants impacts \u00e9cologiques. On peut d\u00e9j\u00e0 en voir aux Antilles avec la chlord\u00e9cone qui a des effets n\u00e9fastes depuis 1972 sur les habitants. Il est inadmissible, qu&rsquo;encore aujourd&rsquo;hui, on continue \u00e0 utiliser des pesticides pour les agricultures.<\/p><p>Le spectacle \u00ab\u00a0Incursion dans le monde animal\u00a0\u00bb est l\u00e0 pour r\u00e9animer cette rage que nous avons tous pour prot\u00e9ger notre M\u00e8re Nature.<\/p><p><strong>Comment veux-tu encourager les gens \u00e0 agir ?\u00a0<\/strong><\/p><p>Je vous encourage \u00e0 participer aux actions des associations \u00e9cologiques et \u00e9galement \u00e0 participer \u00e0 notre collecte de fonds sur Ulule que vous pouvez retrouver sur nos r\u00e9seaux sociaux ou notre site Internet.\u00a0<\/p>\t\t\t\t\t\t\t\t<\/div>\n\t\t\t\t<\/div>\n\t\t\t\t\t<\/div>\n\t\t\t\t<\/div>\n\t\t\t\t<\/div>\n\t\t","protected":false},"excerpt":{"rendered":"<p>\u00c0 quelques jour de la premi\u00e8re repr\u00e9sentation du spectacle \u00ab\u00a0Incursion dans le monde animal\u00a0\u00bb, Flora Vinci, l&rsquo;ambassadrice officielle du Groupe Art&rsquo;s, revient sur le message de cette \u0153uvre artistique et sur son combat pour l&rsquo;\u00e9cologie&#8230; Cette ann\u00e9e, l&rsquo;association a mis en place un tout nouveau spectacle. Peux-tu le pr\u00e9senter ? Cette ann\u00e9e le Groupe Art&rsquo;s &hellip; <\/p>\n","protected":false},"author":1,"featured_media":2271,"comment_status":"open","ping_status":"open","sticky":false,"template":"","format":"standard","meta":{"saved_in_kubio":false,"footnotes":""},"categories":[25,28],"tags":[],"class_list":["post-2305","post","type-post","status-publish","format-standard","has-post-thumbnail","hentry","category-actualites","category-videos"],"_links":{"self":[{"href":"https:\/\/www.groupearts.com\/V2\/wp-json\/wp\/v2\/posts\/2305","targetHints":{"allow":["GET"]}}],"collection":[{"href":"https:\/\/www.groupearts.com\/V2\/wp-json\/wp\/v2\/posts"}],"about":[{"href":"https:\/\/www.groupearts.com\/V2\/wp-json\/wp\/v2\/types\/post"}],"author":[{"embeddable":true,"href":"https:\/\/www.groupearts.com\/V2\/wp-json\/wp\/v2\/users\/1"}],"replies":[{"embeddable":true,"href":"https:\/\/www.groupearts.com\/V2\/wp-json\/wp\/v2\/comments?post=2305"}],"version-history":[{"count":13,"href":"https:\/\/www.groupearts.com\/V2\/wp-json\/wp\/v2\/posts\/2305\/revisions"}],"predecessor-version":[{"id":2469,"href":"https:\/\/www.groupearts.com\/V2\/wp-json\/wp\/v2\/posts\/2305\/revisions\/2469"}],"wp:featuredmedia":[{"embeddable":true,"href":"https:\/\/www.groupearts.com\/V2\/wp-json\/wp\/v2\/media\/2271"}],"wp:attachment":[{"href":"https:\/\/www.groupearts.com\/V2\/wp-json\/wp\/v2\/media?parent=2305"}],"wp:term":[{"taxonomy":"category","embeddable":true,"href":"https:\/\/www.groupearts.com\/V2\/wp-json\/wp\/v2\/categories?post=2305"},{"taxonomy":"post_tag","embeddable":true,"href":"https:\/\/www.groupearts.com\/V2\/wp-json\/wp\/v2\/tags?post=2305"}],"curies":[{"name":"wp","href":"https:\/\/api.w.org\/{rel}","templated":true}]}}