{"id":2298,"date":"2025-05-15T09:44:24","date_gmt":"2025-05-15T07:44:24","guid":{"rendered":"https:\/\/www.groupearts.com\/V2\/?p=2298"},"modified":"2025-05-15T21:37:27","modified_gmt":"2025-05-15T19:37:27","slug":"interview-des-danseurs-du-spectacle-incursion-dans-le-monde-animal","status":"publish","type":"post","link":"https:\/\/www.groupearts.com\/V2\/interview-des-danseurs-du-spectacle-incursion-dans-le-monde-animal\/","title":{"rendered":"Rencontre avec les danseurs du spectacle \u00ab\u00a0Incursion dans le monde animal\u00a0\u00bb"},"content":{"rendered":"\t\t<div data-elementor-type=\"wp-post\" data-elementor-id=\"2298\" class=\"elementor elementor-2298\">\n\t\t\t\t<div class=\"elementor-element elementor-element-0f5638a e-flex e-con-boxed e-con e-parent\" data-id=\"0f5638a\" data-element_type=\"container\">\n\t\t\t\t\t<div class=\"e-con-inner\">\n\t\t\t\t<div class=\"elementor-element elementor-element-2bdec26 elementor-widget elementor-widget-text-editor\" data-id=\"2bdec26\" data-element_type=\"widget\" data-widget_type=\"text-editor.default\">\n\t\t\t\t<div class=\"elementor-widget-container\">\n\t\t\t\t\t\t\t\t\t<p class=\"\" data-start=\"181\" data-end=\"448\">Dans le cadre de la premi\u00e8re repr\u00e9sentation du spectacle, <strong>les danseurs du Groupe Art&rsquo;s<\/strong> nous d\u00e9voilent leurs secrets. \u00c0 travers cette interview, ils partagent avec nous <strong>leurs parcours, leurs inspirations,<\/strong> et ce qui les pousse \u00e0 vivre <strong>leur passion pour la danse au quotidien.<\/strong><\/p><p class=\"\" data-start=\"450\" data-end=\"740\">Qu\u2019est-ce qui les a men\u00e9s jusqu\u2019\u00e0 la sc\u00e8ne ? Quel r\u00f4le joue la danse dans leur vie ? Et surtout, quel lien les unit au Groupe Art&rsquo;s ? <strong>Plongez dans les coulisses d\u2019une \u00e9quipe<\/strong> <strong>o\u00f9 la danse est devenue un mode de vie.<\/strong><\/p>\t\t\t\t\t\t\t\t<\/div>\n\t\t\t\t<\/div>\n\t\t\t\t\t<\/div>\n\t\t\t\t<\/div>\n\t\t<div class=\"elementor-element elementor-element-debf798 e-flex e-con-boxed e-con e-parent\" data-id=\"debf798\" data-element_type=\"container\">\n\t\t\t\t\t<div class=\"e-con-inner\">\n\t\t\t\t<div class=\"elementor-element elementor-element-e7f6c13 elementor-widget elementor-widget-video\" data-id=\"e7f6c13\" data-element_type=\"widget\" data-settings=\"{&quot;youtube_url&quot;:&quot;https:\\\/\\\/www.youtube.com\\\/watch?v=sqOxcHjeDtM&quot;,&quot;start&quot;:0,&quot;end&quot;:420,&quot;video_type&quot;:&quot;youtube&quot;,&quot;controls&quot;:&quot;yes&quot;}\" data-widget_type=\"video.default\">\n\t\t\t\t<div class=\"elementor-widget-container\">\n\t\t\t\t\t\t\t<div class=\"elementor-wrapper elementor-open-inline\">\n\t\t\t<div class=\"elementor-video\"><\/div>\t\t<\/div>\n\t\t\t\t\t\t<\/div>\n\t\t\t\t<\/div>\n\t\t\t\t\t<\/div>\n\t\t\t\t<\/div>\n\t\t<div class=\"elementor-element elementor-element-063034b e-flex e-con-boxed e-con e-parent\" data-id=\"063034b\" data-element_type=\"container\">\n\t\t\t\t\t<div class=\"e-con-inner\">\n\t\t\t\t<div class=\"elementor-element elementor-element-259c199 elementor-widget elementor-widget-text-editor\" data-id=\"259c199\" data-element_type=\"widget\" data-widget_type=\"text-editor.default\">\n\t\t\t\t<div class=\"elementor-widget-container\">\n\t\t\t\t\t\t\t\t\t<p>Vid\u00e9o r\u00e9alis\u00e9e par <strong>Keren MPIA<\/strong> et <strong>Uliana BOCH<\/strong><\/p>\t\t\t\t\t\t\t\t<\/div>\n\t\t\t\t<\/div>\n\t\t\t\t\t<\/div>\n\t\t\t\t<\/div>\n\t\t\t\t<\/div>\n\t\t","protected":false},"excerpt":{"rendered":"<p>Dans le cadre de la premi\u00e8re repr\u00e9sentation du spectacle, les danseurs du Groupe Art&rsquo;s nous d\u00e9voilent leurs secrets. \u00c0 travers cette interview, ils partagent avec nous leurs parcours, leurs inspirations, et ce qui les pousse \u00e0 vivre leur passion pour la danse au quotidien. Qu\u2019est-ce qui les a men\u00e9s jusqu\u2019\u00e0 la sc\u00e8ne ? Quel r\u00f4le &hellip; <\/p>\n","protected":false},"author":1,"featured_media":2314,"comment_status":"open","ping_status":"open","sticky":false,"template":"","format":"standard","meta":{"saved_in_kubio":false,"footnotes":""},"categories":[25,28],"tags":[],"class_list":["post-2298","post","type-post","status-publish","format-standard","has-post-thumbnail","hentry","category-actualites","category-videos"],"_links":{"self":[{"href":"https:\/\/www.groupearts.com\/V2\/wp-json\/wp\/v2\/posts\/2298","targetHints":{"allow":["GET"]}}],"collection":[{"href":"https:\/\/www.groupearts.com\/V2\/wp-json\/wp\/v2\/posts"}],"about":[{"href":"https:\/\/www.groupearts.com\/V2\/wp-json\/wp\/v2\/types\/post"}],"author":[{"embeddable":true,"href":"https:\/\/www.groupearts.com\/V2\/wp-json\/wp\/v2\/users\/1"}],"replies":[{"embeddable":true,"href":"https:\/\/www.groupearts.com\/V2\/wp-json\/wp\/v2\/comments?post=2298"}],"version-history":[{"count":14,"href":"https:\/\/www.groupearts.com\/V2\/wp-json\/wp\/v2\/posts\/2298\/revisions"}],"predecessor-version":[{"id":2475,"href":"https:\/\/www.groupearts.com\/V2\/wp-json\/wp\/v2\/posts\/2298\/revisions\/2475"}],"wp:featuredmedia":[{"embeddable":true,"href":"https:\/\/www.groupearts.com\/V2\/wp-json\/wp\/v2\/media\/2314"}],"wp:attachment":[{"href":"https:\/\/www.groupearts.com\/V2\/wp-json\/wp\/v2\/media?parent=2298"}],"wp:term":[{"taxonomy":"category","embeddable":true,"href":"https:\/\/www.groupearts.com\/V2\/wp-json\/wp\/v2\/categories?post=2298"},{"taxonomy":"post_tag","embeddable":true,"href":"https:\/\/www.groupearts.com\/V2\/wp-json\/wp\/v2\/tags?post=2298"}],"curies":[{"name":"wp","href":"https:\/\/api.w.org\/{rel}","templated":true}]}}