{"id":1536,"date":"2019-01-02T01:05:00","date_gmt":"2019-01-02T00:05:00","guid":{"rendered":"https:\/\/www.groupearts.com\/V2\/?p=1536"},"modified":"2023-12-29T01:10:56","modified_gmt":"2023-12-29T00:10:56","slug":"calendrier-groupe-arts-2018","status":"publish","type":"post","link":"https:\/\/www.groupearts.com\/V2\/calendrier-groupe-arts-2018\/","title":{"rendered":"Calendrier Groupe Art&rsquo;s 2018"},"content":{"rendered":"\t\t<div data-elementor-type=\"wp-post\" data-elementor-id=\"1536\" class=\"elementor elementor-1536\">\n\t\t\t\t<div class=\"elementor-element elementor-element-f4be863 e-flex e-con-boxed e-con e-parent\" data-id=\"f4be863\" data-element_type=\"container\">\n\t\t\t\t\t<div class=\"e-con-inner\">\n\t\t\t\t<div class=\"elementor-element elementor-element-af4b588 elementor-widget__width-initial elementor-widget elementor-widget-text-editor\" data-id=\"af4b588\" data-element_type=\"widget\" data-widget_type=\"text-editor.default\">\n\t\t\t\t<div class=\"elementor-widget-container\">\n\t\t\t\t\t\t\t\t\t<p style=\"text-align: center;\"><br \/>Le calendrier 2018 du Groupe Art&rsquo;s est arriv\u00e9<\/p><p style=\"text-align: center;\">Pour le commander, \u00e9crire \u00e0 :<br \/><strong>Groupe Art&rsquo;s<\/strong><br \/>23 rue Greneta<br \/>75002 Paris<\/p>\t\t\t\t\t\t\t\t<\/div>\n\t\t\t\t<\/div>\n\t\t\t\t\t<\/div>\n\t\t\t\t<\/div>\n\t\t\t\t<\/div>\n\t\t","protected":false},"excerpt":{"rendered":"<p>Le calendrier 2018 du Groupe Art&rsquo;s est arriv\u00e9 Pour le commander, \u00e9crire \u00e0 :Groupe Art&rsquo;s23 rue Greneta75002 Paris<\/p>\n","protected":false},"author":1,"featured_media":1537,"comment_status":"closed","ping_status":"closed","sticky":false,"template":"","format":"standard","meta":{"saved_in_kubio":false,"footnotes":""},"categories":[26],"tags":[],"class_list":["post-1536","post","type-post","status-publish","format-standard","has-post-thumbnail","hentry","category-evenements"],"_links":{"self":[{"href":"https:\/\/www.groupearts.com\/V2\/wp-json\/wp\/v2\/posts\/1536","targetHints":{"allow":["GET"]}}],"collection":[{"href":"https:\/\/www.groupearts.com\/V2\/wp-json\/wp\/v2\/posts"}],"about":[{"href":"https:\/\/www.groupearts.com\/V2\/wp-json\/wp\/v2\/types\/post"}],"author":[{"embeddable":true,"href":"https:\/\/www.groupearts.com\/V2\/wp-json\/wp\/v2\/users\/1"}],"replies":[{"embeddable":true,"href":"https:\/\/www.groupearts.com\/V2\/wp-json\/wp\/v2\/comments?post=1536"}],"version-history":[{"count":4,"href":"https:\/\/www.groupearts.com\/V2\/wp-json\/wp\/v2\/posts\/1536\/revisions"}],"predecessor-version":[{"id":1541,"href":"https:\/\/www.groupearts.com\/V2\/wp-json\/wp\/v2\/posts\/1536\/revisions\/1541"}],"wp:featuredmedia":[{"embeddable":true,"href":"https:\/\/www.groupearts.com\/V2\/wp-json\/wp\/v2\/media\/1537"}],"wp:attachment":[{"href":"https:\/\/www.groupearts.com\/V2\/wp-json\/wp\/v2\/media?parent=1536"}],"wp:term":[{"taxonomy":"category","embeddable":true,"href":"https:\/\/www.groupearts.com\/V2\/wp-json\/wp\/v2\/categories?post=1536"},{"taxonomy":"post_tag","embeddable":true,"href":"https:\/\/www.groupearts.com\/V2\/wp-json\/wp\/v2\/tags?post=1536"}],"curies":[{"name":"wp","href":"https:\/\/api.w.org\/{rel}","templated":true}]}}